{"id":5472,"date":"2025-07-21T10:54:43","date_gmt":"2025-07-21T08:54:43","guid":{"rendered":"https:\/\/www.lavoisier.com\/?p=5472"},"modified":"2025-08-26T14:16:10","modified_gmt":"2025-08-26T12:16:10","slug":"presence-au-congres-a3p-suisse-mars-2025","status":"publish","type":"post","link":"https:\/\/www.lavoisier.com\/fr\/presence-au-congres-a3p-suisse-mars-2025\/","title":{"rendered":"Pr\u00e9sence au congr\u00e8s A3P Suisse &#8211; mars 2025"},"content":{"rendered":"<div class=\"fusion-fullwidth fullwidth-box fusion-builder-row-1 nonhundred-percent-fullwidth non-hundred-percent-height-scrolling\" style=\"--awb-border-radius-top-left:0px;--awb-border-radius-top-right:0px;--awb-border-radius-bottom-right:0px;--awb-border-radius-bottom-left:0px;--awb-flex-wrap:wrap;\" ><div class=\"fusion-builder-row fusion-row\"><div class=\"fusion-layout-column fusion_builder_column fusion-builder-column-0 fusion_builder_column_1_1 1_1 fusion-one-full fusion-column-first fusion-column-last\" style=\"--awb-bg-size:cover;\"><div class=\"fusion-column-wrapper fusion-column-has-shadow fusion-flex-column-wrapper-legacy\"><div class=\"fusion-text fusion-text-1\"><p>Nous avons eu le plaisir de participer au congr\u00e8s A3P, qui s\u2019est tenu en mars dernier en Suisse\u00a0!<\/p>\n<p>Cet \u00e9v\u00e8nement incontournable de l\u2019industrie pharmaceutique et biotechnologique a r\u00e9uni les principaux acteurs du secteur autour de th\u00e9matiques strat\u00e9giques, d\u2019innovations technologiques et de retours d\u2019exp\u00e9rience. <strong>Le th\u00e8me de ce congr\u00e8s \u00e9tait l\u2019interpr\u00e9tation et l\u2019application de la nouvelle annexe 1.<\/strong><\/p>\n<p>Un moment fort\u00a0: l\u2019intervention de notre Directrice Assurance Qualit\u00e9\u00a0!<\/p>\n<p>Lors de cette \u00e9dition, Lucile a eu l\u2019honneur de pr\u00e9senter les travaux du GIC assurance st\u00e9rilit\u00e9 de l\u2019A3P. Cette intervention a suscit\u00e9 des \u00e9changes fructueux avec les participants, t\u00e9moignant de l\u2019int\u00e9r\u00eat du secteur. Celle-ci a \u00e9t\u00e9 une occasion de discuter sur les nouvelles exigences, d\u2019examiner les strat\u00e9gies et les d\u00e9fis rencontr\u00e9s par les leaders de l\u2019industrie.<\/p>\n<p>Rendez-vous aux prochains \u00e9v\u00e8nements en fin d\u2019ann\u00e9e\u00a0!<\/p>\n<\/div><div class=\"fusion-clearfix\"><\/div><\/div><\/div><\/div><\/div>\n","protected":false},"excerpt":{"rendered":"","protected":false},"author":5,"featured_media":5571,"comment_status":"closed","ping_status":"closed","sticky":false,"template":"","format":"standard","meta":{"content-type":"","footnotes":""},"categories":[1],"tags":[],"class_list":["post-5472","post","type-post","status-publish","format-standard","has-post-thumbnail","hentry","category-non-classifiee"],"yoast_head":"<!-- This site is optimized with the Yoast SEO plugin v27.3 - https:\/\/yoast.com\/product\/yoast-seo-wordpress\/ -->\n<title>Pr\u00e9sence au congr\u00e8s A3P Suisse - mars 2025 - LAVOISIER<\/title>\n<meta name=\"robots\" content=\"index, follow, max-snippet:-1, max-image-preview:large, max-video-preview:-1\" \/>\n<link rel=\"canonical\" href=\"https:\/\/www.lavoisier.com\/fr\/presence-au-congres-a3p-suisse-mars-2025\/\" \/>\n<meta property=\"og:locale\" content=\"fr_FR\" \/>\n<meta property=\"og:type\" content=\"article\" \/>\n<meta property=\"og:title\" content=\"Pr\u00e9sence au congr\u00e8s A3P Suisse - mars 2025 - LAVOISIER\" \/>\n<meta property=\"og:url\" content=\"https:\/\/www.lavoisier.com\/fr\/presence-au-congres-a3p-suisse-mars-2025\/\" \/>\n<meta property=\"og:site_name\" content=\"LAVOISIER\" \/>\n<meta property=\"article:published_time\" content=\"2025-07-21T08:54:43+00:00\" \/>\n<meta property=\"article:modified_time\" content=\"2025-08-26T12:16:10+00:00\" \/>\n<meta property=\"og:image\" content=\"https:\/\/www.lavoisier.com\/wp-content\/uploads\/2025\/07\/Photo-congres-A3P-Suisse.jpg\" \/>\n\t<meta property=\"og:image:width\" content=\"2048\" \/>\n\t<meta property=\"og:image:height\" content=\"1536\" \/>\n\t<meta property=\"og:image:type\" content=\"image\/jpeg\" \/>\n<meta name=\"author\" content=\"Marion\" \/>\n<meta name=\"twitter:card\" content=\"summary_large_image\" \/>\n<meta name=\"twitter:label1\" content=\"\u00c9crit par\" \/>\n\t<meta name=\"twitter:data1\" content=\"Marion\" \/>\n\t<meta name=\"twitter:label2\" content=\"Dur\u00e9e de lecture estim\u00e9e\" \/>\n\t<meta name=\"twitter:data2\" content=\"1 minute\" \/>\n<script type=\"application\/ld+json\" class=\"yoast-schema-graph\">{\"@context\":\"https:\\\/\\\/schema.org\",\"@graph\":[{\"@type\":\"Article\",\"@id\":\"https:\\\/\\\/www.lavoisier.com\\\/fr\\\/presence-au-congres-a3p-suisse-mars-2025\\\/#article\",\"isPartOf\":{\"@id\":\"https:\\\/\\\/www.lavoisier.com\\\/fr\\\/presence-au-congres-a3p-suisse-mars-2025\\\/\"},\"author\":{\"name\":\"Marion\",\"@id\":\"https:\\\/\\\/www.lavoisier.com\\\/fr\\\/#\\\/schema\\\/person\\\/c3f73b31b9190d05355b44c5838185e7\"},\"headline\":\"Pr\u00e9sence au congr\u00e8s A3P Suisse &#8211; mars 2025\",\"datePublished\":\"2025-07-21T08:54:43+00:00\",\"dateModified\":\"2025-08-26T12:16:10+00:00\",\"mainEntityOfPage\":{\"@id\":\"https:\\\/\\\/www.lavoisier.com\\\/fr\\\/presence-au-congres-a3p-suisse-mars-2025\\\/\"},\"wordCount\":610,\"publisher\":{\"@id\":\"https:\\\/\\\/www.lavoisier.com\\\/fr\\\/#organization\"},\"image\":{\"@id\":\"https:\\\/\\\/www.lavoisier.com\\\/fr\\\/presence-au-congres-a3p-suisse-mars-2025\\\/#primaryimage\"},\"thumbnailUrl\":\"https:\\\/\\\/www.lavoisier.com\\\/wp-content\\\/uploads\\\/2025\\\/07\\\/Photo-congres-A3P-Suisse.jpg\",\"articleSection\":[\"Non classifi\u00e9(e)\"],\"inLanguage\":\"fr-FR\"},{\"@type\":\"WebPage\",\"@id\":\"https:\\\/\\\/www.lavoisier.com\\\/fr\\\/presence-au-congres-a3p-suisse-mars-2025\\\/\",\"url\":\"https:\\\/\\\/www.lavoisier.com\\\/fr\\\/presence-au-congres-a3p-suisse-mars-2025\\\/\",\"name\":\"Pr\u00e9sence au congr\u00e8s A3P Suisse - mars 2025 - LAVOISIER\",\"isPartOf\":{\"@id\":\"https:\\\/\\\/www.lavoisier.com\\\/fr\\\/#website\"},\"primaryImageOfPage\":{\"@id\":\"https:\\\/\\\/www.lavoisier.com\\\/fr\\\/presence-au-congres-a3p-suisse-mars-2025\\\/#primaryimage\"},\"image\":{\"@id\":\"https:\\\/\\\/www.lavoisier.com\\\/fr\\\/presence-au-congres-a3p-suisse-mars-2025\\\/#primaryimage\"},\"thumbnailUrl\":\"https:\\\/\\\/www.lavoisier.com\\\/wp-content\\\/uploads\\\/2025\\\/07\\\/Photo-congres-A3P-Suisse.jpg\",\"datePublished\":\"2025-07-21T08:54:43+00:00\",\"dateModified\":\"2025-08-26T12:16:10+00:00\",\"breadcrumb\":{\"@id\":\"https:\\\/\\\/www.lavoisier.com\\\/fr\\\/presence-au-congres-a3p-suisse-mars-2025\\\/#breadcrumb\"},\"inLanguage\":\"fr-FR\",\"potentialAction\":[{\"@type\":\"ReadAction\",\"target\":[\"https:\\\/\\\/www.lavoisier.com\\\/fr\\\/presence-au-congres-a3p-suisse-mars-2025\\\/\"]}]},{\"@type\":\"ImageObject\",\"inLanguage\":\"fr-FR\",\"@id\":\"https:\\\/\\\/www.lavoisier.com\\\/fr\\\/presence-au-congres-a3p-suisse-mars-2025\\\/#primaryimage\",\"url\":\"https:\\\/\\\/www.lavoisier.com\\\/wp-content\\\/uploads\\\/2025\\\/07\\\/Photo-congres-A3P-Suisse.jpg\",\"contentUrl\":\"https:\\\/\\\/www.lavoisier.com\\\/wp-content\\\/uploads\\\/2025\\\/07\\\/Photo-congres-A3P-Suisse.jpg\",\"width\":2048,\"height\":1536},{\"@type\":\"BreadcrumbList\",\"@id\":\"https:\\\/\\\/www.lavoisier.com\\\/fr\\\/presence-au-congres-a3p-suisse-mars-2025\\\/#breadcrumb\",\"itemListElement\":[{\"@type\":\"ListItem\",\"position\":1,\"name\":\"Accueil\",\"item\":\"https:\\\/\\\/www.lavoisier.com\\\/fr\\\/\"},{\"@type\":\"ListItem\",\"position\":2,\"name\":\"Pr\u00e9sence au congr\u00e8s A3P Suisse &#8211; mars 2025\"}]},{\"@type\":\"WebSite\",\"@id\":\"https:\\\/\\\/www.lavoisier.com\\\/fr\\\/#website\",\"url\":\"https:\\\/\\\/www.lavoisier.com\\\/fr\\\/\",\"name\":\"LAVOISIER\",\"description\":\"\",\"publisher\":{\"@id\":\"https:\\\/\\\/www.lavoisier.com\\\/fr\\\/#organization\"},\"potentialAction\":[{\"@type\":\"SearchAction\",\"target\":{\"@type\":\"EntryPoint\",\"urlTemplate\":\"https:\\\/\\\/www.lavoisier.com\\\/fr\\\/?s={search_term_string}\"},\"query-input\":{\"@type\":\"PropertyValueSpecification\",\"valueRequired\":true,\"valueName\":\"search_term_string\"}}],\"inLanguage\":\"fr-FR\"},{\"@type\":\"Organization\",\"@id\":\"https:\\\/\\\/www.lavoisier.com\\\/fr\\\/#organization\",\"name\":\"CDM Lavoisier\",\"url\":\"https:\\\/\\\/www.lavoisier.com\\\/fr\\\/\",\"logo\":{\"@type\":\"ImageObject\",\"inLanguage\":\"fr-FR\",\"@id\":\"https:\\\/\\\/www.lavoisier.com\\\/fr\\\/#\\\/schema\\\/logo\\\/image\\\/\",\"url\":\"https:\\\/\\\/www.lavoisier.com\\\/wp-content\\\/uploads\\\/2017\\\/06\\\/Lavoisier-logo-05.jpg\",\"contentUrl\":\"https:\\\/\\\/www.lavoisier.com\\\/wp-content\\\/uploads\\\/2017\\\/06\\\/Lavoisier-logo-05.jpg\",\"width\":220,\"height\":52,\"caption\":\"CDM Lavoisier\"},\"image\":{\"@id\":\"https:\\\/\\\/www.lavoisier.com\\\/fr\\\/#\\\/schema\\\/logo\\\/image\\\/\"},\"sameAs\":[\"https:\\\/\\\/fr.linkedin.com\\\/company\\\/cdm-lavoisier\"]},{\"@type\":\"Person\",\"@id\":\"https:\\\/\\\/www.lavoisier.com\\\/fr\\\/#\\\/schema\\\/person\\\/c3f73b31b9190d05355b44c5838185e7\",\"name\":\"Marion\"}]}<\/script>\n<!-- \/ Yoast SEO plugin. -->","yoast_head_json":{"title":"Pr\u00e9sence au congr\u00e8s A3P Suisse - mars 2025 - LAVOISIER","robots":{"index":"index","follow":"follow","max-snippet":"max-snippet:-1","max-image-preview":"max-image-preview:large","max-video-preview":"max-video-preview:-1"},"canonical":"https:\/\/www.lavoisier.com\/fr\/presence-au-congres-a3p-suisse-mars-2025\/","og_locale":"fr_FR","og_type":"article","og_title":"Pr\u00e9sence au congr\u00e8s A3P Suisse - mars 2025 - LAVOISIER","og_url":"https:\/\/www.lavoisier.com\/fr\/presence-au-congres-a3p-suisse-mars-2025\/","og_site_name":"LAVOISIER","article_published_time":"2025-07-21T08:54:43+00:00","article_modified_time":"2025-08-26T12:16:10+00:00","og_image":[{"width":2048,"height":1536,"url":"https:\/\/www.lavoisier.com\/wp-content\/uploads\/2025\/07\/Photo-congres-A3P-Suisse.jpg","type":"image\/jpeg"}],"author":"Marion","twitter_card":"summary_large_image","twitter_misc":{"\u00c9crit par":"Marion","Dur\u00e9e de lecture estim\u00e9e":"1 minute"},"schema":{"@context":"https:\/\/schema.org","@graph":[{"@type":"Article","@id":"https:\/\/www.lavoisier.com\/fr\/presence-au-congres-a3p-suisse-mars-2025\/#article","isPartOf":{"@id":"https:\/\/www.lavoisier.com\/fr\/presence-au-congres-a3p-suisse-mars-2025\/"},"author":{"name":"Marion","@id":"https:\/\/www.lavoisier.com\/fr\/#\/schema\/person\/c3f73b31b9190d05355b44c5838185e7"},"headline":"Pr\u00e9sence au congr\u00e8s A3P Suisse &#8211; mars 2025","datePublished":"2025-07-21T08:54:43+00:00","dateModified":"2025-08-26T12:16:10+00:00","mainEntityOfPage":{"@id":"https:\/\/www.lavoisier.com\/fr\/presence-au-congres-a3p-suisse-mars-2025\/"},"wordCount":610,"publisher":{"@id":"https:\/\/www.lavoisier.com\/fr\/#organization"},"image":{"@id":"https:\/\/www.lavoisier.com\/fr\/presence-au-congres-a3p-suisse-mars-2025\/#primaryimage"},"thumbnailUrl":"https:\/\/www.lavoisier.com\/wp-content\/uploads\/2025\/07\/Photo-congres-A3P-Suisse.jpg","articleSection":["Non classifi\u00e9(e)"],"inLanguage":"fr-FR"},{"@type":"WebPage","@id":"https:\/\/www.lavoisier.com\/fr\/presence-au-congres-a3p-suisse-mars-2025\/","url":"https:\/\/www.lavoisier.com\/fr\/presence-au-congres-a3p-suisse-mars-2025\/","name":"Pr\u00e9sence au congr\u00e8s A3P Suisse - mars 2025 - LAVOISIER","isPartOf":{"@id":"https:\/\/www.lavoisier.com\/fr\/#website"},"primaryImageOfPage":{"@id":"https:\/\/www.lavoisier.com\/fr\/presence-au-congres-a3p-suisse-mars-2025\/#primaryimage"},"image":{"@id":"https:\/\/www.lavoisier.com\/fr\/presence-au-congres-a3p-suisse-mars-2025\/#primaryimage"},"thumbnailUrl":"https:\/\/www.lavoisier.com\/wp-content\/uploads\/2025\/07\/Photo-congres-A3P-Suisse.jpg","datePublished":"2025-07-21T08:54:43+00:00","dateModified":"2025-08-26T12:16:10+00:00","breadcrumb":{"@id":"https:\/\/www.lavoisier.com\/fr\/presence-au-congres-a3p-suisse-mars-2025\/#breadcrumb"},"inLanguage":"fr-FR","potentialAction":[{"@type":"ReadAction","target":["https:\/\/www.lavoisier.com\/fr\/presence-au-congres-a3p-suisse-mars-2025\/"]}]},{"@type":"ImageObject","inLanguage":"fr-FR","@id":"https:\/\/www.lavoisier.com\/fr\/presence-au-congres-a3p-suisse-mars-2025\/#primaryimage","url":"https:\/\/www.lavoisier.com\/wp-content\/uploads\/2025\/07\/Photo-congres-A3P-Suisse.jpg","contentUrl":"https:\/\/www.lavoisier.com\/wp-content\/uploads\/2025\/07\/Photo-congres-A3P-Suisse.jpg","width":2048,"height":1536},{"@type":"BreadcrumbList","@id":"https:\/\/www.lavoisier.com\/fr\/presence-au-congres-a3p-suisse-mars-2025\/#breadcrumb","itemListElement":[{"@type":"ListItem","position":1,"name":"Accueil","item":"https:\/\/www.lavoisier.com\/fr\/"},{"@type":"ListItem","position":2,"name":"Pr\u00e9sence au congr\u00e8s A3P Suisse &#8211; mars 2025"}]},{"@type":"WebSite","@id":"https:\/\/www.lavoisier.com\/fr\/#website","url":"https:\/\/www.lavoisier.com\/fr\/","name":"LAVOISIER","description":"","publisher":{"@id":"https:\/\/www.lavoisier.com\/fr\/#organization"},"potentialAction":[{"@type":"SearchAction","target":{"@type":"EntryPoint","urlTemplate":"https:\/\/www.lavoisier.com\/fr\/?s={search_term_string}"},"query-input":{"@type":"PropertyValueSpecification","valueRequired":true,"valueName":"search_term_string"}}],"inLanguage":"fr-FR"},{"@type":"Organization","@id":"https:\/\/www.lavoisier.com\/fr\/#organization","name":"CDM Lavoisier","url":"https:\/\/www.lavoisier.com\/fr\/","logo":{"@type":"ImageObject","inLanguage":"fr-FR","@id":"https:\/\/www.lavoisier.com\/fr\/#\/schema\/logo\/image\/","url":"https:\/\/www.lavoisier.com\/wp-content\/uploads\/2017\/06\/Lavoisier-logo-05.jpg","contentUrl":"https:\/\/www.lavoisier.com\/wp-content\/uploads\/2017\/06\/Lavoisier-logo-05.jpg","width":220,"height":52,"caption":"CDM Lavoisier"},"image":{"@id":"https:\/\/www.lavoisier.com\/fr\/#\/schema\/logo\/image\/"},"sameAs":["https:\/\/fr.linkedin.com\/company\/cdm-lavoisier"]},{"@type":"Person","@id":"https:\/\/www.lavoisier.com\/fr\/#\/schema\/person\/c3f73b31b9190d05355b44c5838185e7","name":"Marion"}]}},"_links":{"self":[{"href":"https:\/\/www.lavoisier.com\/fr\/wp-json\/wp\/v2\/posts\/5472","targetHints":{"allow":["GET"]}}],"collection":[{"href":"https:\/\/www.lavoisier.com\/fr\/wp-json\/wp\/v2\/posts"}],"about":[{"href":"https:\/\/www.lavoisier.com\/fr\/wp-json\/wp\/v2\/types\/post"}],"author":[{"embeddable":true,"href":"https:\/\/www.lavoisier.com\/fr\/wp-json\/wp\/v2\/users\/5"}],"replies":[{"embeddable":true,"href":"https:\/\/www.lavoisier.com\/fr\/wp-json\/wp\/v2\/comments?post=5472"}],"version-history":[{"count":1,"href":"https:\/\/www.lavoisier.com\/fr\/wp-json\/wp\/v2\/posts\/5472\/revisions"}],"predecessor-version":[{"id":5473,"href":"https:\/\/www.lavoisier.com\/fr\/wp-json\/wp\/v2\/posts\/5472\/revisions\/5473"}],"wp:featuredmedia":[{"embeddable":true,"href":"https:\/\/www.lavoisier.com\/fr\/wp-json\/wp\/v2\/media\/5571"}],"wp:attachment":[{"href":"https:\/\/www.lavoisier.com\/fr\/wp-json\/wp\/v2\/media?parent=5472"}],"wp:term":[{"taxonomy":"category","embeddable":true,"href":"https:\/\/www.lavoisier.com\/fr\/wp-json\/wp\/v2\/categories?post=5472"},{"taxonomy":"post_tag","embeddable":true,"href":"https:\/\/www.lavoisier.com\/fr\/wp-json\/wp\/v2\/tags?post=5472"}],"curies":[{"name":"wp","href":"https:\/\/api.w.org\/{rel}","templated":true}]}}