{"id":6124,"date":"2026-03-24T16:55:26","date_gmt":"2026-03-24T15:55:26","guid":{"rendered":"https:\/\/www.lavoisier.com\/?p=6124"},"modified":"2026-03-24T16:55:26","modified_gmt":"2026-03-24T15:55:26","slug":"presence-forum-emploi-mars-2026","status":"publish","type":"post","link":"https:\/\/www.lavoisier.com\/fr\/presence-forum-emploi-mars-2026\/","title":{"rendered":"Pr\u00e9sence forum emploi &#8211; Mars 2026"},"content":{"rendered":"<div class=\"fusion-fullwidth fullwidth-box fusion-builder-row-1 nonhundred-percent-fullwidth non-hundred-percent-height-scrolling\" style=\"--awb-border-radius-top-left:0px;--awb-border-radius-top-right:0px;--awb-border-radius-bottom-right:0px;--awb-border-radius-bottom-left:0px;--awb-flex-wrap:wrap;\" ><div class=\"fusion-builder-row fusion-row\"><div class=\"fusion-layout-column fusion_builder_column fusion-builder-column-0 fusion_builder_column_1_1 1_1 fusion-one-full fusion-column-first fusion-column-last\" style=\"--awb-bg-size:cover;\"><div class=\"fusion-column-wrapper fusion-column-has-shadow fusion-flex-column-wrapper-legacy\"><div class=\"fusion-text fusion-text-1\"><p>Les Laboratoires CDM Lavoisier seront pr\u00e9sents au Forum Emploi organis\u00e9 \u00e0 La Chauss\u00e9e Saint Victor gr\u00e2ce \u00e0 Partnaire Blois, le 24 mars de 9h30 \u00e0 15h30 \ud83d\udc4b<\/p>\n<p>\ud83d\udc49 Que vous soyez en recherche d\u2019emploi, en reconversion ou simplement curieux d\u2019en savoir plus sur notre secteur, n\u2019h\u00e9sitez pas \u00e0 venir \u00e9changer avec nous !<\/p>\n<p>\ud83d\udccd \ud835\udc12\ud835\udc1a\ud835\udc25\ud835\udc25\ud835\udc1e \ud835\udc1d\ud835\udc1e\ud835\udc2c \ud835\udc1f\ud835\udc1e\u0302\ud835\udc2d\ud835\udc1e\ud835\udc2c \ud835\udc1d\ud835\udc2e \ud835\udc02\ud835\udc1a\ud835\udc2b\ud835\udc2b\ud835\udc28\ud835\udc22\ud835\udc2b \u2013 \ud835\udfd2\ud835\udfcf\ud835\udfd1\ud835\udfd4\ud835\udfce \ud835\udc0b\ud835\udc1a \ud835\udc02\ud835\udc21\ud835\udc1a\ud835\udc2e\ud835\udc2c\ud835\udc2c\ud835\udc1e\u0301\ud835\udc1e \ud835\udc12\ud835\udc1a\ud835\udc22\ud835\udc27\ud835\udc2d \ud835\udc15\ud835\udc22\ud835\udc1c\ud835\udc2d\ud835\udc28\ud835\udc2b<\/p>\n<p>Au plaisir de vous rencontrer et d\u2019\u00e9changer avec vous !<\/p>\n<\/div><div class=\"fusion-clearfix\"><\/div><\/div><\/div><\/div><\/div>\n","protected":false},"excerpt":{"rendered":"","protected":false},"author":5,"featured_media":6125,"comment_status":"closed","ping_status":"closed","sticky":false,"template":"","format":"standard","meta":{"content-type":"","footnotes":""},"categories":[1],"tags":[],"class_list":["post-6124","post","type-post","status-publish","format-standard","has-post-thumbnail","hentry","category-non-classifiee"],"yoast_head":"<!-- This site is optimized with the Yoast SEO plugin v27.3 - https:\/\/yoast.com\/product\/yoast-seo-wordpress\/ -->\n<title>Pr\u00e9sence forum emploi - Mars 2026 - LAVOISIER<\/title>\n<meta name=\"robots\" content=\"index, follow, max-snippet:-1, max-image-preview:large, max-video-preview:-1\" \/>\n<link rel=\"canonical\" href=\"https:\/\/www.lavoisier.com\/fr\/presence-forum-emploi-mars-2026\/\" \/>\n<meta property=\"og:locale\" content=\"fr_FR\" \/>\n<meta property=\"og:type\" content=\"article\" \/>\n<meta property=\"og:title\" content=\"Pr\u00e9sence forum emploi - Mars 2026 - LAVOISIER\" \/>\n<meta property=\"og:url\" content=\"https:\/\/www.lavoisier.com\/fr\/presence-forum-emploi-mars-2026\/\" \/>\n<meta property=\"og:site_name\" content=\"LAVOISIER\" \/>\n<meta property=\"article:published_time\" content=\"2026-03-24T15:55:26+00:00\" \/>\n<meta property=\"og:image\" content=\"https:\/\/www.lavoisier.com\/wp-content\/uploads\/2026\/03\/PARTNAIRE_BLOIS_Forum_24032026_4-1.jpg\" \/>\n\t<meta property=\"og:image:width\" content=\"1240\" \/>\n\t<meta property=\"og:image:height\" content=\"1754\" \/>\n\t<meta property=\"og:image:type\" content=\"image\/jpeg\" \/>\n<meta name=\"author\" content=\"Marion\" \/>\n<meta name=\"twitter:card\" content=\"summary_large_image\" \/>\n<meta name=\"twitter:label1\" content=\"\u00c9crit par\" \/>\n\t<meta name=\"twitter:data1\" content=\"Marion\" \/>\n\t<meta name=\"twitter:label2\" content=\"Dur\u00e9e de lecture estim\u00e9e\" \/>\n\t<meta name=\"twitter:data2\" content=\"1 minute\" \/>\n<script type=\"application\/ld+json\" class=\"yoast-schema-graph\">{\"@context\":\"https:\\\/\\\/schema.org\",\"@graph\":[{\"@type\":\"Article\",\"@id\":\"https:\\\/\\\/www.lavoisier.com\\\/fr\\\/presence-forum-emploi-mars-2026\\\/#article\",\"isPartOf\":{\"@id\":\"https:\\\/\\\/www.lavoisier.com\\\/fr\\\/presence-forum-emploi-mars-2026\\\/\"},\"author\":{\"name\":\"Marion\",\"@id\":\"https:\\\/\\\/www.lavoisier.com\\\/fr\\\/#\\\/schema\\\/person\\\/c3f73b31b9190d05355b44c5838185e7\"},\"headline\":\"Pr\u00e9sence forum emploi &#8211; Mars 2026\",\"datePublished\":\"2026-03-24T15:55:26+00:00\",\"mainEntityOfPage\":{\"@id\":\"https:\\\/\\\/www.lavoisier.com\\\/fr\\\/presence-forum-emploi-mars-2026\\\/\"},\"wordCount\":506,\"publisher\":{\"@id\":\"https:\\\/\\\/www.lavoisier.com\\\/fr\\\/#organization\"},\"image\":{\"@id\":\"https:\\\/\\\/www.lavoisier.com\\\/fr\\\/presence-forum-emploi-mars-2026\\\/#primaryimage\"},\"thumbnailUrl\":\"https:\\\/\\\/www.lavoisier.com\\\/wp-content\\\/uploads\\\/2026\\\/03\\\/PARTNAIRE_BLOIS_Forum_24032026_4-1.jpg\",\"articleSection\":[\"Non classifi\u00e9(e)\"],\"inLanguage\":\"fr-FR\"},{\"@type\":\"WebPage\",\"@id\":\"https:\\\/\\\/www.lavoisier.com\\\/fr\\\/presence-forum-emploi-mars-2026\\\/\",\"url\":\"https:\\\/\\\/www.lavoisier.com\\\/fr\\\/presence-forum-emploi-mars-2026\\\/\",\"name\":\"Pr\u00e9sence forum emploi - Mars 2026 - LAVOISIER\",\"isPartOf\":{\"@id\":\"https:\\\/\\\/www.lavoisier.com\\\/fr\\\/#website\"},\"primaryImageOfPage\":{\"@id\":\"https:\\\/\\\/www.lavoisier.com\\\/fr\\\/presence-forum-emploi-mars-2026\\\/#primaryimage\"},\"image\":{\"@id\":\"https:\\\/\\\/www.lavoisier.com\\\/fr\\\/presence-forum-emploi-mars-2026\\\/#primaryimage\"},\"thumbnailUrl\":\"https:\\\/\\\/www.lavoisier.com\\\/wp-content\\\/uploads\\\/2026\\\/03\\\/PARTNAIRE_BLOIS_Forum_24032026_4-1.jpg\",\"datePublished\":\"2026-03-24T15:55:26+00:00\",\"breadcrumb\":{\"@id\":\"https:\\\/\\\/www.lavoisier.com\\\/fr\\\/presence-forum-emploi-mars-2026\\\/#breadcrumb\"},\"inLanguage\":\"fr-FR\",\"potentialAction\":[{\"@type\":\"ReadAction\",\"target\":[\"https:\\\/\\\/www.lavoisier.com\\\/fr\\\/presence-forum-emploi-mars-2026\\\/\"]}]},{\"@type\":\"ImageObject\",\"inLanguage\":\"fr-FR\",\"@id\":\"https:\\\/\\\/www.lavoisier.com\\\/fr\\\/presence-forum-emploi-mars-2026\\\/#primaryimage\",\"url\":\"https:\\\/\\\/www.lavoisier.com\\\/wp-content\\\/uploads\\\/2026\\\/03\\\/PARTNAIRE_BLOIS_Forum_24032026_4-1.jpg\",\"contentUrl\":\"https:\\\/\\\/www.lavoisier.com\\\/wp-content\\\/uploads\\\/2026\\\/03\\\/PARTNAIRE_BLOIS_Forum_24032026_4-1.jpg\",\"width\":1240,\"height\":1754},{\"@type\":\"BreadcrumbList\",\"@id\":\"https:\\\/\\\/www.lavoisier.com\\\/fr\\\/presence-forum-emploi-mars-2026\\\/#breadcrumb\",\"itemListElement\":[{\"@type\":\"ListItem\",\"position\":1,\"name\":\"Accueil\",\"item\":\"https:\\\/\\\/www.lavoisier.com\\\/fr\\\/\"},{\"@type\":\"ListItem\",\"position\":2,\"name\":\"Pr\u00e9sence forum emploi &#8211; Mars 2026\"}]},{\"@type\":\"WebSite\",\"@id\":\"https:\\\/\\\/www.lavoisier.com\\\/fr\\\/#website\",\"url\":\"https:\\\/\\\/www.lavoisier.com\\\/fr\\\/\",\"name\":\"LAVOISIER\",\"description\":\"\",\"publisher\":{\"@id\":\"https:\\\/\\\/www.lavoisier.com\\\/fr\\\/#organization\"},\"potentialAction\":[{\"@type\":\"SearchAction\",\"target\":{\"@type\":\"EntryPoint\",\"urlTemplate\":\"https:\\\/\\\/www.lavoisier.com\\\/fr\\\/?s={search_term_string}\"},\"query-input\":{\"@type\":\"PropertyValueSpecification\",\"valueRequired\":true,\"valueName\":\"search_term_string\"}}],\"inLanguage\":\"fr-FR\"},{\"@type\":\"Organization\",\"@id\":\"https:\\\/\\\/www.lavoisier.com\\\/fr\\\/#organization\",\"name\":\"CDM Lavoisier\",\"url\":\"https:\\\/\\\/www.lavoisier.com\\\/fr\\\/\",\"logo\":{\"@type\":\"ImageObject\",\"inLanguage\":\"fr-FR\",\"@id\":\"https:\\\/\\\/www.lavoisier.com\\\/fr\\\/#\\\/schema\\\/logo\\\/image\\\/\",\"url\":\"https:\\\/\\\/www.lavoisier.com\\\/wp-content\\\/uploads\\\/2017\\\/06\\\/Lavoisier-logo-05.jpg\",\"contentUrl\":\"https:\\\/\\\/www.lavoisier.com\\\/wp-content\\\/uploads\\\/2017\\\/06\\\/Lavoisier-logo-05.jpg\",\"width\":220,\"height\":52,\"caption\":\"CDM Lavoisier\"},\"image\":{\"@id\":\"https:\\\/\\\/www.lavoisier.com\\\/fr\\\/#\\\/schema\\\/logo\\\/image\\\/\"},\"sameAs\":[\"https:\\\/\\\/fr.linkedin.com\\\/company\\\/cdm-lavoisier\"]},{\"@type\":\"Person\",\"@id\":\"https:\\\/\\\/www.lavoisier.com\\\/fr\\\/#\\\/schema\\\/person\\\/c3f73b31b9190d05355b44c5838185e7\",\"name\":\"Marion\"}]}<\/script>\n<!-- \/ Yoast SEO plugin. -->","yoast_head_json":{"title":"Pr\u00e9sence forum emploi - Mars 2026 - LAVOISIER","robots":{"index":"index","follow":"follow","max-snippet":"max-snippet:-1","max-image-preview":"max-image-preview:large","max-video-preview":"max-video-preview:-1"},"canonical":"https:\/\/www.lavoisier.com\/fr\/presence-forum-emploi-mars-2026\/","og_locale":"fr_FR","og_type":"article","og_title":"Pr\u00e9sence forum emploi - Mars 2026 - LAVOISIER","og_url":"https:\/\/www.lavoisier.com\/fr\/presence-forum-emploi-mars-2026\/","og_site_name":"LAVOISIER","article_published_time":"2026-03-24T15:55:26+00:00","og_image":[{"width":1240,"height":1754,"url":"https:\/\/www.lavoisier.com\/wp-content\/uploads\/2026\/03\/PARTNAIRE_BLOIS_Forum_24032026_4-1.jpg","type":"image\/jpeg"}],"author":"Marion","twitter_card":"summary_large_image","twitter_misc":{"\u00c9crit par":"Marion","Dur\u00e9e de lecture estim\u00e9e":"1 minute"},"schema":{"@context":"https:\/\/schema.org","@graph":[{"@type":"Article","@id":"https:\/\/www.lavoisier.com\/fr\/presence-forum-emploi-mars-2026\/#article","isPartOf":{"@id":"https:\/\/www.lavoisier.com\/fr\/presence-forum-emploi-mars-2026\/"},"author":{"name":"Marion","@id":"https:\/\/www.lavoisier.com\/fr\/#\/schema\/person\/c3f73b31b9190d05355b44c5838185e7"},"headline":"Pr\u00e9sence forum emploi &#8211; Mars 2026","datePublished":"2026-03-24T15:55:26+00:00","mainEntityOfPage":{"@id":"https:\/\/www.lavoisier.com\/fr\/presence-forum-emploi-mars-2026\/"},"wordCount":506,"publisher":{"@id":"https:\/\/www.lavoisier.com\/fr\/#organization"},"image":{"@id":"https:\/\/www.lavoisier.com\/fr\/presence-forum-emploi-mars-2026\/#primaryimage"},"thumbnailUrl":"https:\/\/www.lavoisier.com\/wp-content\/uploads\/2026\/03\/PARTNAIRE_BLOIS_Forum_24032026_4-1.jpg","articleSection":["Non classifi\u00e9(e)"],"inLanguage":"fr-FR"},{"@type":"WebPage","@id":"https:\/\/www.lavoisier.com\/fr\/presence-forum-emploi-mars-2026\/","url":"https:\/\/www.lavoisier.com\/fr\/presence-forum-emploi-mars-2026\/","name":"Pr\u00e9sence forum emploi - Mars 2026 - LAVOISIER","isPartOf":{"@id":"https:\/\/www.lavoisier.com\/fr\/#website"},"primaryImageOfPage":{"@id":"https:\/\/www.lavoisier.com\/fr\/presence-forum-emploi-mars-2026\/#primaryimage"},"image":{"@id":"https:\/\/www.lavoisier.com\/fr\/presence-forum-emploi-mars-2026\/#primaryimage"},"thumbnailUrl":"https:\/\/www.lavoisier.com\/wp-content\/uploads\/2026\/03\/PARTNAIRE_BLOIS_Forum_24032026_4-1.jpg","datePublished":"2026-03-24T15:55:26+00:00","breadcrumb":{"@id":"https:\/\/www.lavoisier.com\/fr\/presence-forum-emploi-mars-2026\/#breadcrumb"},"inLanguage":"fr-FR","potentialAction":[{"@type":"ReadAction","target":["https:\/\/www.lavoisier.com\/fr\/presence-forum-emploi-mars-2026\/"]}]},{"@type":"ImageObject","inLanguage":"fr-FR","@id":"https:\/\/www.lavoisier.com\/fr\/presence-forum-emploi-mars-2026\/#primaryimage","url":"https:\/\/www.lavoisier.com\/wp-content\/uploads\/2026\/03\/PARTNAIRE_BLOIS_Forum_24032026_4-1.jpg","contentUrl":"https:\/\/www.lavoisier.com\/wp-content\/uploads\/2026\/03\/PARTNAIRE_BLOIS_Forum_24032026_4-1.jpg","width":1240,"height":1754},{"@type":"BreadcrumbList","@id":"https:\/\/www.lavoisier.com\/fr\/presence-forum-emploi-mars-2026\/#breadcrumb","itemListElement":[{"@type":"ListItem","position":1,"name":"Accueil","item":"https:\/\/www.lavoisier.com\/fr\/"},{"@type":"ListItem","position":2,"name":"Pr\u00e9sence forum emploi &#8211; Mars 2026"}]},{"@type":"WebSite","@id":"https:\/\/www.lavoisier.com\/fr\/#website","url":"https:\/\/www.lavoisier.com\/fr\/","name":"LAVOISIER","description":"","publisher":{"@id":"https:\/\/www.lavoisier.com\/fr\/#organization"},"potentialAction":[{"@type":"SearchAction","target":{"@type":"EntryPoint","urlTemplate":"https:\/\/www.lavoisier.com\/fr\/?s={search_term_string}"},"query-input":{"@type":"PropertyValueSpecification","valueRequired":true,"valueName":"search_term_string"}}],"inLanguage":"fr-FR"},{"@type":"Organization","@id":"https:\/\/www.lavoisier.com\/fr\/#organization","name":"CDM Lavoisier","url":"https:\/\/www.lavoisier.com\/fr\/","logo":{"@type":"ImageObject","inLanguage":"fr-FR","@id":"https:\/\/www.lavoisier.com\/fr\/#\/schema\/logo\/image\/","url":"https:\/\/www.lavoisier.com\/wp-content\/uploads\/2017\/06\/Lavoisier-logo-05.jpg","contentUrl":"https:\/\/www.lavoisier.com\/wp-content\/uploads\/2017\/06\/Lavoisier-logo-05.jpg","width":220,"height":52,"caption":"CDM Lavoisier"},"image":{"@id":"https:\/\/www.lavoisier.com\/fr\/#\/schema\/logo\/image\/"},"sameAs":["https:\/\/fr.linkedin.com\/company\/cdm-lavoisier"]},{"@type":"Person","@id":"https:\/\/www.lavoisier.com\/fr\/#\/schema\/person\/c3f73b31b9190d05355b44c5838185e7","name":"Marion"}]}},"_links":{"self":[{"href":"https:\/\/www.lavoisier.com\/fr\/wp-json\/wp\/v2\/posts\/6124","targetHints":{"allow":["GET"]}}],"collection":[{"href":"https:\/\/www.lavoisier.com\/fr\/wp-json\/wp\/v2\/posts"}],"about":[{"href":"https:\/\/www.lavoisier.com\/fr\/wp-json\/wp\/v2\/types\/post"}],"author":[{"embeddable":true,"href":"https:\/\/www.lavoisier.com\/fr\/wp-json\/wp\/v2\/users\/5"}],"replies":[{"embeddable":true,"href":"https:\/\/www.lavoisier.com\/fr\/wp-json\/wp\/v2\/comments?post=6124"}],"version-history":[{"count":1,"href":"https:\/\/www.lavoisier.com\/fr\/wp-json\/wp\/v2\/posts\/6124\/revisions"}],"predecessor-version":[{"id":6128,"href":"https:\/\/www.lavoisier.com\/fr\/wp-json\/wp\/v2\/posts\/6124\/revisions\/6128"}],"wp:featuredmedia":[{"embeddable":true,"href":"https:\/\/www.lavoisier.com\/fr\/wp-json\/wp\/v2\/media\/6125"}],"wp:attachment":[{"href":"https:\/\/www.lavoisier.com\/fr\/wp-json\/wp\/v2\/media?parent=6124"}],"wp:term":[{"taxonomy":"category","embeddable":true,"href":"https:\/\/www.lavoisier.com\/fr\/wp-json\/wp\/v2\/categories?post=6124"},{"taxonomy":"post_tag","embeddable":true,"href":"https:\/\/www.lavoisier.com\/fr\/wp-json\/wp\/v2\/tags?post=6124"}],"curies":[{"name":"wp","href":"https:\/\/api.w.org\/{rel}","templated":true}]}}